{"id":20075,"date":"2026-04-29T12:24:57","date_gmt":"2026-04-29T10:24:57","guid":{"rendered":"https:\/\/www.autoclima.com\/zamkniecie-magazynu-w-zwiazku-ze-zmiana-zarzadzania-erp\/"},"modified":"2026-04-29T12:24:57","modified_gmt":"2026-04-29T10:24:57","slug":"zamkniecie-magazynu-w-zwiazku-ze-zmiana-zarzadzania-erp","status":"publish","type":"post","link":"https:\/\/www.autoclima.com\/pl\/zamkniecie-magazynu-w-zwiazku-ze-zmiana-zarzadzania-erp\/","title":{"rendered":"Zamkni\u0119cie magazynu w zwi\u0105zku ze zmian\u0105 zarz\u0105dzania ERP"},"content":{"rendered":"<div class=\"fusion-fullwidth fullwidth-box fusion-builder-row-1 fusion-flex-container nonhundred-percent-fullwidth non-hundred-percent-height-scrolling\" style=\"--awb-border-radius-top-left:0px;--awb-border-radius-top-right:0px;--awb-border-radius-bottom-right:0px;--awb-border-radius-bottom-left:0px;--awb-flex-wrap:wrap;\" ><div class=\"fusion-builder-row fusion-row fusion-flex-align-items-flex-start fusion-flex-content-wrap\" style=\"max-width:1248px;margin-left: calc(-4% \/ 2 );margin-right: calc(-4% \/ 2 );\"><div class=\"fusion-layout-column fusion_builder_column fusion-builder-column-0 fusion_builder_column_1_6 1_6 fusion-flex-column\" style=\"--awb-bg-size:cover;--awb-width-large:16.666666666667%;--awb-margin-top-large:0px;--awb-spacing-right-large:11.52%;--awb-margin-bottom-large:20px;--awb-spacing-left-large:11.52%;--awb-width-medium:16.666666666667%;--awb-order-medium:0;--awb-spacing-right-medium:11.52%;--awb-spacing-left-medium:11.52%;--awb-width-small:100%;--awb-order-small:0;--awb-spacing-right-small:1.92%;--awb-spacing-left-small:1.92%;\"><div class=\"fusion-column-wrapper fusion-column-has-shadow fusion-flex-justify-content-flex-start fusion-content-layout-column\"><\/div><\/div><div class=\"fusion-layout-column fusion_builder_column fusion-builder-column-1 fusion_builder_column_2_3 2_3 fusion-flex-column\" style=\"--awb-bg-size:cover;--awb-width-large:66.666666666667%;--awb-margin-top-large:0px;--awb-spacing-right-large:2.88%;--awb-margin-bottom-large:0px;--awb-spacing-left-large:2.88%;--awb-width-medium:66.666666666667%;--awb-spacing-right-medium:2.88%;--awb-spacing-left-medium:2.88%;--awb-width-small:100%;--awb-spacing-right-small:1.92%;--awb-spacing-left-small:1.92%;\"><div class=\"fusion-column-wrapper fusion-flex-justify-content-flex-start fusion-content-layout-column\"><div class=\"fusion-text fusion-text-1\" style=\"--awb-text-transform:none;\"><p><b>Od 22.12.2022 r. do 08.01.2023 r.<\/b>, ze wzgl\u0119du na zmian\u0119 zarz\u0105dzania ERP, <strong>magazyn w siedzibie g\u0142\u00f3wnej w Cambiano (TO) i wszystkie magazyny we W\u0142oszech zostan\u0105 zamkni\u0119te.<\/strong><\/p>\n<p><b>NORMALNA DZIA\u0141ALNO\u015a\u0106 ZOSTANIE WZNOWIONA W DNIU 09.01.2023 R.<\/b><\/p>\n<p><b>WYSY\u0141KI<\/b><br \/>\n<strong>Ostatnim dniem wysy\u0142ki towar\u00f3w <\/strong>ze wszystkich naszych magazyn\u00f3w b\u0119dzie <b>21.12.2022<\/b>.<\/p>\n<p><b>Po tym terminie<\/b> <b>dalsze dostawy lub wysy\u0142ki nie b\u0119d\u0105 realizowane.<\/b><\/p>\n<p><strong>Normalna dzia\u0142alno\u015b\u0107 zostanie wznowiona w dniu 09.01.2023 r.<\/strong><\/p>\n<p><b><i>\u017bADNE PRZESY\u0141KI ZWROTNE, GWARANCYJNE, ROBOCZE ITP. NIE B\u0118D\u0104 REALIZOWANE ANI AKCEPTOWANE.<\/i><\/b>.<\/p>\n<p>W razie jakichkolwiek pyta\u0144 prosimy o kontakt z osob\u0105 kontaktow\u0105 Autoclima.<\/p>\n<\/div><\/div><\/div><div class=\"fusion-layout-column fusion_builder_column fusion-builder-column-2 fusion_builder_column_1_6 1_6 fusion-flex-column\" style=\"--awb-bg-size:cover;--awb-width-large:16.666666666667%;--awb-margin-top-large:0px;--awb-spacing-right-large:11.52%;--awb-margin-bottom-large:20px;--awb-spacing-left-large:11.52%;--awb-width-medium:16.666666666667%;--awb-order-medium:0;--awb-spacing-right-medium:11.52%;--awb-spacing-left-medium:11.52%;--awb-width-small:100%;--awb-order-small:0;--awb-spacing-right-small:1.92%;--awb-spacing-left-small:1.92%;\"><div class=\"fusion-column-wrapper fusion-column-has-shadow fusion-flex-justify-content-flex-start fusion-content-layout-column\"><\/div><\/div><\/div><\/div>\n","protected":false},"excerpt":{"rendered":"","protected":false},"author":3,"featured_media":6994,"comment_status":"closed","ping_status":"closed","sticky":false,"template":"","format":"standard","meta":{"footnotes":""},"categories":[177],"tags":[],"class_list":["post-20075","post","type-post","status-publish","format-standard","has-post-thumbnail","hentry","category-aktualnosci"],"_links":{"self":[{"href":"https:\/\/www.autoclima.com\/pl\/wp-json\/wp\/v2\/posts\/20075","targetHints":{"allow":["GET"]}}],"collection":[{"href":"https:\/\/www.autoclima.com\/pl\/wp-json\/wp\/v2\/posts"}],"about":[{"href":"https:\/\/www.autoclima.com\/pl\/wp-json\/wp\/v2\/types\/post"}],"author":[{"embeddable":true,"href":"https:\/\/www.autoclima.com\/pl\/wp-json\/wp\/v2\/users\/3"}],"replies":[{"embeddable":true,"href":"https:\/\/www.autoclima.com\/pl\/wp-json\/wp\/v2\/comments?post=20075"}],"version-history":[{"count":2,"href":"https:\/\/www.autoclima.com\/pl\/wp-json\/wp\/v2\/posts\/20075\/revisions"}],"predecessor-version":[{"id":20079,"href":"https:\/\/www.autoclima.com\/pl\/wp-json\/wp\/v2\/posts\/20075\/revisions\/20079"}],"wp:featuredmedia":[{"embeddable":true,"href":"https:\/\/www.autoclima.com\/pl\/wp-json\/wp\/v2\/media\/6994"}],"wp:attachment":[{"href":"https:\/\/www.autoclima.com\/pl\/wp-json\/wp\/v2\/media?parent=20075"}],"wp:term":[{"taxonomy":"category","embeddable":true,"href":"https:\/\/www.autoclima.com\/pl\/wp-json\/wp\/v2\/categories?post=20075"},{"taxonomy":"post_tag","embeddable":true,"href":"https:\/\/www.autoclima.com\/pl\/wp-json\/wp\/v2\/tags?post=20075"}],"curies":[{"name":"wp","href":"https:\/\/api.w.org\/{rel}","templated":true}]}}