{"id":19934,"date":"2026-04-29T12:22:11","date_gmt":"2026-04-29T10:22:11","guid":{"rendered":"https:\/\/www.autoclima.com\/autoklima-w-reas-2024\/"},"modified":"2026-04-29T12:22:11","modified_gmt":"2026-04-29T10:22:11","slug":"autoklima-w-reas-2024","status":"publish","type":"post","link":"https:\/\/www.autoclima.com\/pl\/autoklima-w-reas-2024\/","title":{"rendered":"Autoklima w Reas 2024"},"content":{"rendered":"<p>Autoclima b\u0119dzie wystawia\u0107 si\u0119 na targach REAS 2024 od 4 do 6 pa\u017adziernika.<\/p>\n<p>Odwied\u017a nas w Centrum Wystawienniczym Montichiari, hala 5, stoisko E24.<\/p>\n","protected":false},"excerpt":{"rendered":"<p>Autoclima b\u0119dzie wystawia\u0107 si\u0119 na targach REAS 2024 od 4<\/p>\n","protected":false},"author":3,"featured_media":17117,"comment_status":"closed","ping_status":"closed","sticky":false,"template":"","format":"standard","meta":{"footnotes":""},"categories":[177],"tags":[],"class_list":["post-19934","post","type-post","status-publish","format-standard","has-post-thumbnail","hentry","category-aktualnosci"],"_links":{"self":[{"href":"https:\/\/www.autoclima.com\/pl\/wp-json\/wp\/v2\/posts\/19934","targetHints":{"allow":["GET"]}}],"collection":[{"href":"https:\/\/www.autoclima.com\/pl\/wp-json\/wp\/v2\/posts"}],"about":[{"href":"https:\/\/www.autoclima.com\/pl\/wp-json\/wp\/v2\/types\/post"}],"author":[{"embeddable":true,"href":"https:\/\/www.autoclima.com\/pl\/wp-json\/wp\/v2\/users\/3"}],"replies":[{"embeddable":true,"href":"https:\/\/www.autoclima.com\/pl\/wp-json\/wp\/v2\/comments?post=19934"}],"version-history":[{"count":0,"href":"https:\/\/www.autoclima.com\/pl\/wp-json\/wp\/v2\/posts\/19934\/revisions"}],"wp:featuredmedia":[{"embeddable":true,"href":"https:\/\/www.autoclima.com\/pl\/wp-json\/wp\/v2\/media\/17117"}],"wp:attachment":[{"href":"https:\/\/www.autoclima.com\/pl\/wp-json\/wp\/v2\/media?parent=19934"}],"wp:term":[{"taxonomy":"category","embeddable":true,"href":"https:\/\/www.autoclima.com\/pl\/wp-json\/wp\/v2\/categories?post=19934"},{"taxonomy":"post_tag","embeddable":true,"href":"https:\/\/www.autoclima.com\/pl\/wp-json\/wp\/v2\/tags?post=19934"}],"curies":[{"name":"wp","href":"https:\/\/api.w.org\/{rel}","templated":true}]}}