{"id":19889,"date":"2026-04-29T12:21:23","date_gmt":"2026-04-29T10:21:23","guid":{"rendered":"https:\/\/www.autoclima.com\/autoclima-na-targach-transpotec-2026\/"},"modified":"2026-04-29T12:21:23","modified_gmt":"2026-04-29T10:21:23","slug":"autoclima-na-targach-transpotec-2026","status":"publish","type":"post","link":"https:\/\/www.autoclima.com\/pl\/autoclima-na-targach-transpotec-2026\/","title":{"rendered":"Autoclima na targach Transpotec 2026"},"content":{"rendered":"<p>&nbsp;<\/p>\n<p style=\"text-align: center;\">Autoclima b\u0119dzie wystawia\u0107 si\u0119 na targach Transpotec w dniach 13-16 maja 2026 roku.<\/p>\n<p style=\"text-align: center;\">Czekamy na Ciebie w Mediolanie, hala 14P, stoisko D23.<\/p>\n<p>&nbsp;<\/p>\n","protected":false},"excerpt":{"rendered":"<p>&nbsp; Autoclima b\u0119dzie wystawia\u0107 si\u0119 na targach Transpotec w dniach<\/p>\n","protected":false},"author":3,"featured_media":18424,"comment_status":"closed","ping_status":"closed","sticky":false,"template":"","format":"standard","meta":{"footnotes":""},"categories":[177,203],"tags":[],"class_list":["post-19889","post","type-post","status-publish","format-standard","has-post-thumbnail","hentry","category-aktualnosci","category-wydarzenia"],"_links":{"self":[{"href":"https:\/\/www.autoclima.com\/pl\/wp-json\/wp\/v2\/posts\/19889","targetHints":{"allow":["GET"]}}],"collection":[{"href":"https:\/\/www.autoclima.com\/pl\/wp-json\/wp\/v2\/posts"}],"about":[{"href":"https:\/\/www.autoclima.com\/pl\/wp-json\/wp\/v2\/types\/post"}],"author":[{"embeddable":true,"href":"https:\/\/www.autoclima.com\/pl\/wp-json\/wp\/v2\/users\/3"}],"replies":[{"embeddable":true,"href":"https:\/\/www.autoclima.com\/pl\/wp-json\/wp\/v2\/comments?post=19889"}],"version-history":[{"count":0,"href":"https:\/\/www.autoclima.com\/pl\/wp-json\/wp\/v2\/posts\/19889\/revisions"}],"wp:featuredmedia":[{"embeddable":true,"href":"https:\/\/www.autoclima.com\/pl\/wp-json\/wp\/v2\/media\/18424"}],"wp:attachment":[{"href":"https:\/\/www.autoclima.com\/pl\/wp-json\/wp\/v2\/media?parent=19889"}],"wp:term":[{"taxonomy":"category","embeddable":true,"href":"https:\/\/www.autoclima.com\/pl\/wp-json\/wp\/v2\/categories?post=19889"},{"taxonomy":"post_tag","embeddable":true,"href":"https:\/\/www.autoclima.com\/pl\/wp-json\/wp\/v2\/tags?post=19889"}],"curies":[{"name":"wp","href":"https:\/\/api.w.org\/{rel}","templated":true}]}}