{"id":18622,"date":"2026-04-29T11:54:06","date_gmt":"2026-04-29T09:54:06","guid":{"rendered":"https:\/\/www.autoclima.com\/autoclima-na-targach-rettmobil-2025\/"},"modified":"2026-04-29T11:54:06","modified_gmt":"2026-04-29T09:54:06","slug":"autoclima-na-targach-rettmobil-2025","status":"publish","type":"post","link":"https:\/\/www.autoclima.com\/pl\/autoclima-na-targach-rettmobil-2025\/","title":{"rendered":"Autoclima na targach RETTmobil 2025"},"content":{"rendered":"<p style=\"text-align: center;\">Produkty Autoclima b\u0119d\u0105 prezentowane na targach RETTmobil International w dniach 14-16 maja.<\/p>\n<p style=\"text-align: center;\">Wi\u0119cej informacji mo\u017cna znale\u017a\u0107 na stronie <a href=\"https:\/\/www.rettmobil-international.com\/en\/start-page\/\">Messe RETTmobil International GmbH<\/a><\/p>\n","protected":false},"excerpt":{"rendered":"<p>Produkty Autoclima b\u0119d\u0105 prezentowane na targach RETTmobil International w dniach<\/p>\n","protected":false},"author":3,"featured_media":17681,"comment_status":"closed","ping_status":"closed","sticky":false,"template":"","format":"standard","meta":{"footnotes":""},"categories":[177],"tags":[],"class_list":["post-18622","post","type-post","status-publish","format-standard","has-post-thumbnail","hentry","category-aktualnosci"],"_links":{"self":[{"href":"https:\/\/www.autoclima.com\/pl\/wp-json\/wp\/v2\/posts\/18622","targetHints":{"allow":["GET"]}}],"collection":[{"href":"https:\/\/www.autoclima.com\/pl\/wp-json\/wp\/v2\/posts"}],"about":[{"href":"https:\/\/www.autoclima.com\/pl\/wp-json\/wp\/v2\/types\/post"}],"author":[{"embeddable":true,"href":"https:\/\/www.autoclima.com\/pl\/wp-json\/wp\/v2\/users\/3"}],"replies":[{"embeddable":true,"href":"https:\/\/www.autoclima.com\/pl\/wp-json\/wp\/v2\/comments?post=18622"}],"version-history":[{"count":0,"href":"https:\/\/www.autoclima.com\/pl\/wp-json\/wp\/v2\/posts\/18622\/revisions"}],"wp:featuredmedia":[{"embeddable":true,"href":"https:\/\/www.autoclima.com\/pl\/wp-json\/wp\/v2\/media\/17681"}],"wp:attachment":[{"href":"https:\/\/www.autoclima.com\/pl\/wp-json\/wp\/v2\/media?parent=18622"}],"wp:term":[{"taxonomy":"category","embeddable":true,"href":"https:\/\/www.autoclima.com\/pl\/wp-json\/wp\/v2\/categories?post=18622"},{"taxonomy":"post_tag","embeddable":true,"href":"https:\/\/www.autoclima.com\/pl\/wp-json\/wp\/v2\/tags?post=18622"}],"curies":[{"name":"wp","href":"https:\/\/api.w.org\/{rel}","templated":true}]}}