{"id":18592,"date":"2026-04-29T11:53:32","date_gmt":"2026-04-29T09:53:32","guid":{"rendered":"https:\/\/www.autoclima.com\/autoclima-na-targach-agritecnica-2025\/"},"modified":"2026-04-29T11:53:32","modified_gmt":"2026-04-29T09:53:32","slug":"autoclima-na-targach-agritecnica-2025","status":"publish","type":"post","link":"https:\/\/www.autoclima.com\/pl\/autoclima-na-targach-agritecnica-2025\/","title":{"rendered":"Autoclima na targach Agritecnica 2025"},"content":{"rendered":"<p>&nbsp;<\/p>\n<p style=\"text-align: center;\">  Autoclima b\u0119dzie wystawia\u0107 si\u0119 na targach Agritechnica w dniach 9-15 listopada 2025 r.<\/p>\n<p style=\"text-align: center;\">Czekamy na Ciebie w Hanowerze, w hali 17, stoisko D44.<\/p>\n<p>&nbsp;<\/p>\n","protected":false},"excerpt":{"rendered":"<p>&nbsp; Autoclima b\u0119dzie wystawia\u0107 si\u0119 na targach Agritechnica w dniach<\/p>\n","protected":false},"author":3,"featured_media":18056,"comment_status":"closed","ping_status":"closed","sticky":false,"template":"","format":"standard","meta":{"footnotes":""},"categories":[177,203],"tags":[],"class_list":["post-18592","post","type-post","status-publish","format-standard","has-post-thumbnail","hentry","category-aktualnosci","category-wydarzenia"],"_links":{"self":[{"href":"https:\/\/www.autoclima.com\/pl\/wp-json\/wp\/v2\/posts\/18592","targetHints":{"allow":["GET"]}}],"collection":[{"href":"https:\/\/www.autoclima.com\/pl\/wp-json\/wp\/v2\/posts"}],"about":[{"href":"https:\/\/www.autoclima.com\/pl\/wp-json\/wp\/v2\/types\/post"}],"author":[{"embeddable":true,"href":"https:\/\/www.autoclima.com\/pl\/wp-json\/wp\/v2\/users\/3"}],"replies":[{"embeddable":true,"href":"https:\/\/www.autoclima.com\/pl\/wp-json\/wp\/v2\/comments?post=18592"}],"version-history":[{"count":0,"href":"https:\/\/www.autoclima.com\/pl\/wp-json\/wp\/v2\/posts\/18592\/revisions"}],"wp:featuredmedia":[{"embeddable":true,"href":"https:\/\/www.autoclima.com\/pl\/wp-json\/wp\/v2\/media\/18056"}],"wp:attachment":[{"href":"https:\/\/www.autoclima.com\/pl\/wp-json\/wp\/v2\/media?parent=18592"}],"wp:term":[{"taxonomy":"category","embeddable":true,"href":"https:\/\/www.autoclima.com\/pl\/wp-json\/wp\/v2\/categories?post=18592"},{"taxonomy":"post_tag","embeddable":true,"href":"https:\/\/www.autoclima.com\/pl\/wp-json\/wp\/v2\/tags?post=18592"}],"curies":[{"name":"wp","href":"https:\/\/api.w.org\/{rel}","templated":true}]}}