{"id":18586,"date":"2026-04-29T11:53:21","date_gmt":"2026-04-29T09:53:21","guid":{"rendered":"https:\/\/www.autoclima.com\/autoclima-na-targach-busworld-2025\/"},"modified":"2026-04-29T11:53:21","modified_gmt":"2026-04-29T09:53:21","slug":"autoclima-na-targach-busworld-2025","status":"publish","type":"post","link":"https:\/\/www.autoclima.com\/pl\/autoclima-na-targach-busworld-2025\/","title":{"rendered":"Autoclima na targach BusWorld 2025"},"content":{"rendered":"<p style=\"text-align: center;\">Po raz kolejny w tym roku Autoclima b\u0119dzie wystawia\u0107 si\u0119 na BusWorld, od 4 do 9 pa\u017adziernika 2025 roku.<\/p>\n<p style=\"text-align: center;\">Z niecierpliwo\u015bci\u0105 czekamy na Pa\u0144stwa w Brukseli, w hali 9, stoisko 26.<\/p>\n","protected":false},"excerpt":{"rendered":"<p>Po raz kolejny w tym roku Autoclima b\u0119dzie wystawia\u0107 si\u0119<\/p>\n","protected":false},"author":3,"featured_media":18001,"comment_status":"closed","ping_status":"closed","sticky":false,"template":"","format":"standard","meta":{"footnotes":""},"categories":[177,203],"tags":[],"class_list":["post-18586","post","type-post","status-publish","format-standard","has-post-thumbnail","hentry","category-aktualnosci","category-wydarzenia"],"_links":{"self":[{"href":"https:\/\/www.autoclima.com\/pl\/wp-json\/wp\/v2\/posts\/18586","targetHints":{"allow":["GET"]}}],"collection":[{"href":"https:\/\/www.autoclima.com\/pl\/wp-json\/wp\/v2\/posts"}],"about":[{"href":"https:\/\/www.autoclima.com\/pl\/wp-json\/wp\/v2\/types\/post"}],"author":[{"embeddable":true,"href":"https:\/\/www.autoclima.com\/pl\/wp-json\/wp\/v2\/users\/3"}],"replies":[{"embeddable":true,"href":"https:\/\/www.autoclima.com\/pl\/wp-json\/wp\/v2\/comments?post=18586"}],"version-history":[{"count":0,"href":"https:\/\/www.autoclima.com\/pl\/wp-json\/wp\/v2\/posts\/18586\/revisions"}],"wp:featuredmedia":[{"embeddable":true,"href":"https:\/\/www.autoclima.com\/pl\/wp-json\/wp\/v2\/media\/18001"}],"wp:attachment":[{"href":"https:\/\/www.autoclima.com\/pl\/wp-json\/wp\/v2\/media?parent=18586"}],"wp:term":[{"taxonomy":"category","embeddable":true,"href":"https:\/\/www.autoclima.com\/pl\/wp-json\/wp\/v2\/categories?post=18586"},{"taxonomy":"post_tag","embeddable":true,"href":"https:\/\/www.autoclima.com\/pl\/wp-json\/wp\/v2\/tags?post=18586"}],"curies":[{"name":"wp","href":"https:\/\/api.w.org\/{rel}","templated":true}]}}