{"id":18571,"date":"2026-04-29T11:52:50","date_gmt":"2026-04-29T09:52:50","guid":{"rendered":"https:\/\/www.autoclima.com\/autoclima-na-targach-motortec-2025\/"},"modified":"2026-04-29T11:52:50","modified_gmt":"2026-04-29T09:52:50","slug":"autoclima-na-targach-motortec-2025","status":"publish","type":"post","link":"https:\/\/www.autoclima.com\/pl\/autoclima-na-targach-motortec-2025\/","title":{"rendered":"Autoclima na targach Motortec 2025"},"content":{"rendered":"<p>&nbsp;<\/p>\n<p style=\"text-align: center;\">W tym roku Autoclima b\u0119dzie wystawia\u0107 si\u0119 na targach Motortec w dniach 23-26 kwietnia 2025 r.<\/p>\n<p style=\"text-align: center;\">Czekamy na Ciebie w Madrycie, hala P05, stoisko 5B09!<\/p>\n<p>&nbsp;<\/p>\n","protected":false},"excerpt":{"rendered":"<p>&nbsp; W tym roku Autoclima b\u0119dzie wystawia\u0107 si\u0119 na targach<\/p>\n","protected":false},"author":3,"featured_media":17656,"comment_status":"closed","ping_status":"closed","sticky":false,"template":"","format":"standard","meta":{"footnotes":""},"categories":[177],"tags":[],"class_list":["post-18571","post","type-post","status-publish","format-standard","has-post-thumbnail","hentry","category-aktualnosci"],"_links":{"self":[{"href":"https:\/\/www.autoclima.com\/pl\/wp-json\/wp\/v2\/posts\/18571","targetHints":{"allow":["GET"]}}],"collection":[{"href":"https:\/\/www.autoclima.com\/pl\/wp-json\/wp\/v2\/posts"}],"about":[{"href":"https:\/\/www.autoclima.com\/pl\/wp-json\/wp\/v2\/types\/post"}],"author":[{"embeddable":true,"href":"https:\/\/www.autoclima.com\/pl\/wp-json\/wp\/v2\/users\/3"}],"replies":[{"embeddable":true,"href":"https:\/\/www.autoclima.com\/pl\/wp-json\/wp\/v2\/comments?post=18571"}],"version-history":[{"count":0,"href":"https:\/\/www.autoclima.com\/pl\/wp-json\/wp\/v2\/posts\/18571\/revisions"}],"wp:featuredmedia":[{"embeddable":true,"href":"https:\/\/www.autoclima.com\/pl\/wp-json\/wp\/v2\/media\/17656"}],"wp:attachment":[{"href":"https:\/\/www.autoclima.com\/pl\/wp-json\/wp\/v2\/media?parent=18571"}],"wp:term":[{"taxonomy":"category","embeddable":true,"href":"https:\/\/www.autoclima.com\/pl\/wp-json\/wp\/v2\/categories?post=18571"},{"taxonomy":"post_tag","embeddable":true,"href":"https:\/\/www.autoclima.com\/pl\/wp-json\/wp\/v2\/tags?post=18571"}],"curies":[{"name":"wp","href":"https:\/\/api.w.org\/{rel}","templated":true}]}}