{"id":17123,"date":"2024-05-15T15:58:24","date_gmt":"2024-05-15T13:58:24","guid":{"rendered":"https:\/\/www.autoclima.com\/?p=17123"},"modified":"2024-10-01T15:58:56","modified_gmt":"2024-10-01T13:58:56","slug":"autoclima-na-targach-iaa-2024","status":"publish","type":"post","link":"https:\/\/www.autoclima.com\/pl\/autoclima-na-targach-iaa-2024\/","title":{"rendered":"Autoclima na targach IAA 2024"},"content":{"rendered":"<div class=\"fusion-fullwidth fullwidth-box fusion-builder-row-1 fusion-flex-container nonhundred-percent-fullwidth non-hundred-percent-height-scrolling\" style=\"--awb-border-radius-top-left:0px;--awb-border-radius-top-right:0px;--awb-border-radius-bottom-right:0px;--awb-border-radius-bottom-left:0px;--awb-flex-wrap:wrap;\" ><div class=\"fusion-builder-row fusion-row fusion-flex-align-items-flex-start fusion-flex-content-wrap\" style=\"max-width:1248px;margin-left: calc(-4% \/ 2 );margin-right: calc(-4% \/ 2 );\"><div class=\"fusion-layout-column fusion_builder_column fusion-builder-column-0 fusion_builder_column_1_1 1_1 fusion-flex-column\" style=\"--awb-bg-size:cover;--awb-width-large:100%;--awb-margin-top-large:0px;--awb-spacing-right-large:1.92%;--awb-margin-bottom-large:0px;--awb-spacing-left-large:1.92%;--awb-width-medium:100%;--awb-spacing-right-medium:1.92%;--awb-spacing-left-medium:1.92%;--awb-width-small:100%;--awb-spacing-right-small:1.92%;--awb-spacing-left-small:1.92%;\"><div class=\"fusion-column-wrapper fusion-flex-justify-content-flex-start fusion-content-layout-column\"><div class=\"fusion-text fusion-text-1\"><p>Autoclima b\u0119dzie wystawia\u0107 si\u0119 na targach IAA Transportation 2024 od 17 do 22 wrze\u015bnia.<\/p>\n<p>Odwied\u017a nas na targach Hannover Messe, hala 12, stoisko B61.<\/p>\n<\/div><\/div><\/div><\/div><\/div>\n","protected":false},"excerpt":{"rendered":"","protected":false},"author":3,"featured_media":16647,"comment_status":"closed","ping_status":"closed","sticky":false,"template":"","format":"standard","meta":{"footnotes":""},"categories":[177],"tags":[],"class_list":["post-17123","post","type-post","status-publish","format-standard","has-post-thumbnail","hentry","category-aktualnosci"],"_links":{"self":[{"href":"https:\/\/www.autoclima.com\/pl\/wp-json\/wp\/v2\/posts\/17123","targetHints":{"allow":["GET"]}}],"collection":[{"href":"https:\/\/www.autoclima.com\/pl\/wp-json\/wp\/v2\/posts"}],"about":[{"href":"https:\/\/www.autoclima.com\/pl\/wp-json\/wp\/v2\/types\/post"}],"author":[{"embeddable":true,"href":"https:\/\/www.autoclima.com\/pl\/wp-json\/wp\/v2\/users\/3"}],"replies":[{"embeddable":true,"href":"https:\/\/www.autoclima.com\/pl\/wp-json\/wp\/v2\/comments?post=17123"}],"version-history":[{"count":2,"href":"https:\/\/www.autoclima.com\/pl\/wp-json\/wp\/v2\/posts\/17123\/revisions"}],"predecessor-version":[{"id":17125,"href":"https:\/\/www.autoclima.com\/pl\/wp-json\/wp\/v2\/posts\/17123\/revisions\/17125"}],"wp:featuredmedia":[{"embeddable":true,"href":"https:\/\/www.autoclima.com\/pl\/wp-json\/wp\/v2\/media\/16647"}],"wp:attachment":[{"href":"https:\/\/www.autoclima.com\/pl\/wp-json\/wp\/v2\/media?parent=17123"}],"wp:term":[{"taxonomy":"category","embeddable":true,"href":"https:\/\/www.autoclima.com\/pl\/wp-json\/wp\/v2\/categories?post=17123"},{"taxonomy":"post_tag","embeddable":true,"href":"https:\/\/www.autoclima.com\/pl\/wp-json\/wp\/v2\/tags?post=17123"}],"curies":[{"name":"wp","href":"https:\/\/api.w.org\/{rel}","templated":true}]}}